{"id":5745,"date":"2026-03-08T17:57:54","date_gmt":"2026-03-08T17:57:54","guid":{"rendered":"https:\/\/nicelifemagazine.eu\/?p=5745"},"modified":"2026-03-16T19:06:26","modified_gmt":"2026-03-16T19:06:26","slug":"nova-via-ferrata-u-mostaru-penjanje-iznad-neretve-za-ljubitelje-adrenalina","status":"publish","type":"post","link":"https:\/\/nicelifemagazine.eu\/hr\/nova-via-ferrata-u-mostaru-penjanje-iznad-neretve-za-ljubitelje-adrenalina\/","title":{"rendered":"Nova via ferrata u Mostaru: penjanje iznad Neretve za ljubitelje adrenalina"},"content":{"rendered":"\t\t<div data-elementor-type=\"wp-post\" data-elementor-id=\"5745\" class=\"elementor elementor-5745\">\n\t\t\t\t\t\t<section class=\"elementor-section elementor-top-section elementor-element elementor-element-21a53cc elementor-section-boxed elementor-section-height-default elementor-section-height-default qodef-elementor-content-no\" data-id=\"21a53cc\" data-element_type=\"section\" data-e-type=\"section\">\n\t\t\t\t\t\t<div class=\"elementor-container elementor-column-gap-default\">\n\t\t\t\t\t<div class=\"elementor-column elementor-col-100 elementor-top-column elementor-element elementor-element-593cb2b\" data-id=\"593cb2b\" data-element_type=\"column\" data-e-type=\"column\">\n\t\t\t<div class=\"elementor-widget-wrap elementor-element-populated\">\n\t\t\t\t\t\t<div class=\"elementor-element elementor-element-70b0bfc elementor-widget elementor-widget-text-editor\" data-id=\"70b0bfc\" data-element_type=\"widget\" data-e-type=\"widget\" data-widget_type=\"text-editor.default\">\n\t\t\t\t\t\t\t\t\t<p><em>Tekst i fotografije: Julijana Mencin<\/em><\/p>\t\t\t\t\t\t\t\t<\/div>\n\t\t\t\t<div class=\"elementor-element elementor-element-902ef49 elementor-widget elementor-widget-zoya_core_dropcaps\" data-id=\"902ef49\" data-element_type=\"widget\" data-e-type=\"widget\" data-widget_type=\"zoya_core_dropcaps.default\">\n\t\t\t\t<div class=\"elementor-widget-container\">\n\t\t\t\t\t<div class=\"qodef-shortcode qodef-m qodef-dropcaps qodef-type--simple\">\r\n\t<span class=\"qodef-m-letter\" >M<\/span>\r\n\t\t\t<p class=\"qodef-m-text\" >ostar je bogatiji za jo\u0161 jednu via ferratu, namijenjenu svim ljubiteljima ove vrste avanture. Tako\u0111er je namijenjena i iskusnijim penja\u010dima, kao i onima s manje iskustva.<\/p>\r\n\t<\/div>\r\n\t\t\t\t<\/div>\n\t\t\t\t<\/div>\n\t\t\t\t\t<\/div>\n\t\t<\/div>\n\t\t\t\t\t<\/div>\n\t\t<\/section>\n\t\t\t\t<section class=\"elementor-section elementor-top-section elementor-element elementor-element-a0de4cd elementor-section-boxed elementor-section-height-default elementor-section-height-default qodef-elementor-content-no\" data-id=\"a0de4cd\" data-element_type=\"section\" data-e-type=\"section\">\n\t\t\t\t\t\t<div class=\"elementor-container elementor-column-gap-default\">\n\t\t\t\t\t<div class=\"elementor-column elementor-col-50 elementor-top-column elementor-element elementor-element-83de053\" data-id=\"83de053\" data-element_type=\"column\" data-e-type=\"column\" data-settings=\"{&quot;background_background&quot;:&quot;classic&quot;}\">\n\t\t\t<div class=\"elementor-widget-wrap elementor-element-populated\">\n\t\t\t\t\t\t<div class=\"elementor-element elementor-element-8f9c4ac elementor-widget elementor-widget-zoya_core_separator\" data-id=\"8f9c4ac\" data-element_type=\"widget\" data-e-type=\"widget\" data-widget_type=\"zoya_core_separator.default\">\n\t\t\t\t<div class=\"elementor-widget-container\">\n\t\t\t\t\t<div class=\"qodef-shortcode qodef-m qodef-separator clear qodef-position--center\">\r\n\t<div class=\"qodef-m-line\" style=\"border-color: #02010100;border-style: solid;margin-top: 30%;margin-bottom: 30%\"><\/div>\r\n<\/div>\r\n\t\t\t\t<\/div>\n\t\t\t\t<\/div>\n\t\t\t\t\t<\/div>\n\t\t<\/div>\n\t\t\t\t<div class=\"elementor-column elementor-col-50 elementor-top-column elementor-element elementor-element-3afbd43\" data-id=\"3afbd43\" data-element_type=\"column\" data-e-type=\"column\">\n\t\t\t<div class=\"elementor-widget-wrap elementor-element-populated\">\n\t\t\t\t\t\t<div class=\"elementor-element elementor-element-bc55041 elementor-widget elementor-widget-text-editor\" data-id=\"bc55041\" data-element_type=\"widget\" data-e-type=\"widget\" data-widget_type=\"text-editor.default\">\n\t\t\t\t\t\t\t\t\t<blockquote><h2 class=\"wp-block-heading\"><em>Du\u017eina: 600 m, visinska razlika: 330 m, te\u017eina: B\/C, fizi\u010dka zahtjevnost: 4\/5, izlo\u017eenost: 4\/5<\/em><\/h2><\/blockquote>\t\t\t\t\t\t\t\t<\/div>\n\t\t\t\t<div class=\"elementor-element elementor-element-c5a5fc1 elementor-widget elementor-widget-text-editor\" data-id=\"c5a5fc1\" data-element_type=\"widget\" data-e-type=\"widget\" data-widget_type=\"text-editor.default\">\n\t\t\t\t\t\t\t\t\t<p><em>\u201cOvom via ferratom kora\u010daj polako, strpljivo, ponosno i punog srca, ba\u0161 onako kako smo je mi gradili.\u201d<\/em><\/p><p><cite><em><a href=\"https:\/\/www.instagram.com\/julijanamencin\/\" target=\"_blank\" rel=\"noopener\">Julijana i Robert Mencin<\/a>, Mostar, Listopad 2024<\/em><\/cite><\/p>\t\t\t\t\t\t\t\t<\/div>\n\t\t\t\t\t<\/div>\n\t\t<\/div>\n\t\t\t\t\t<\/div>\n\t\t<\/section>\n\t\t\t\t<section class=\"elementor-section elementor-top-section elementor-element elementor-element-f353096 elementor-section-boxed elementor-section-height-default elementor-section-height-default qodef-elementor-content-no\" data-id=\"f353096\" data-element_type=\"section\" data-e-type=\"section\">\n\t\t\t\t\t\t<div class=\"elementor-container elementor-column-gap-default\">\n\t\t\t\t\t<div class=\"elementor-column elementor-col-100 elementor-top-column elementor-element elementor-element-3a7afc1\" data-id=\"3a7afc1\" data-element_type=\"column\" data-e-type=\"column\">\n\t\t\t<div class=\"elementor-widget-wrap\">\n\t\t\t\t\t\t\t<\/div>\n\t\t<\/div>\n\t\t\t\t\t<\/div>\n\t\t<\/section>\n\t\t\t\t<section class=\"elementor-section elementor-top-section elementor-element elementor-element-98fb742 elementor-section-boxed elementor-section-height-default elementor-section-height-default qodef-elementor-content-no\" data-id=\"98fb742\" data-element_type=\"section\" data-e-type=\"section\">\n\t\t\t\t\t\t<div class=\"elementor-container elementor-column-gap-default\">\n\t\t\t\t\t<div class=\"elementor-column elementor-col-100 elementor-top-column elementor-element elementor-element-b6907be\" data-id=\"b6907be\" data-element_type=\"column\" data-e-type=\"column\">\n\t\t\t<div class=\"elementor-widget-wrap elementor-element-populated\">\n\t\t\t\t\t\t<div class=\"elementor-element elementor-element-c7aa62a elementor-widget elementor-widget-text-editor\" data-id=\"c7aa62a\" data-element_type=\"widget\" data-e-type=\"widget\" data-widget_type=\"text-editor.default\">\n\t\t\t\t\t\t\t\t\t<p>Nakon izgradnje dvije ferate u gradu, suprugu Robertu i meni bujala je vizija nastanka i tre\u0107e. Ideja o izgradnji tre\u0107e ferrate sazrijevala je tri godine, s ciljem uokvirenja via ferrata ponude na svim uzvisinama oko Mostara. Naravno, velika prepreka bilo je prikupljanje financijskih sredstava, zbog \u010dega je trebalo puno vremena od prvotne ideje do kona\u010dne realizacije. No, kao i uvijek, kada postoji sna\u017ena \u017eelja, ideje se ostvare. Tako smo, uz suradnju s upravom grada Mostara, zapo\u010deli skoro jednogodi\u0161nju avanturu pripreme i cjelokupnog rada. Sama izgradnja ferrate, du\u017eine 600 metara i visinske razlike 330 metara, trajala je 94 dana.<\/p><p>Ovo je jedina ferata koja po\u010dinje iz sredi\u0161ta grada Mostara, gotovo iz samog centra. Zanimljivost ferrate je da tijekom cijelog uspona pru\u017ea fantasti\u010dne poglede na grad, slavni Stari most i okolicu.<\/p>\t\t\t\t\t\t\t\t<\/div>\n\t\t\t\t<div class=\"elementor-element elementor-element-d5d2cfa elementor-widget__width-initial elementor-widget elementor-widget-image\" data-id=\"d5d2cfa\" data-element_type=\"widget\" data-e-type=\"widget\" data-widget_type=\"image.default\">\n\t\t\t\t\t\t\t\t\t\t\t\t\t\t\t<img fetchpriority=\"high\" decoding=\"async\" width=\"768\" height=\"1024\" src=\"https:\/\/nicelifemagazine.eu\/wp-content\/uploads\/2026\/03\/image00018-1152x1536-2-768x1024.jpeg\" class=\"attachment-large size-large wp-image-5749\" alt=\"Via Ferrata u Mostar, iznad Neretve, adrenalinsko penjanje\" srcset=\"https:\/\/nicelifemagazine.eu\/wp-content\/uploads\/2026\/03\/image00018-1152x1536-2-768x1024.jpeg 768w, https:\/\/nicelifemagazine.eu\/wp-content\/uploads\/2026\/03\/image00018-1152x1536-2-225x300.jpeg 225w, https:\/\/nicelifemagazine.eu\/wp-content\/uploads\/2026\/03\/image00018-1152x1536-2.jpeg 1152w\" sizes=\"(max-width: 768px) 100vw, 768px\" \/>\t\t\t\t\t\t\t\t\t\t\t\t\t\t\t<\/div>\n\t\t\t\t<div class=\"elementor-element elementor-element-4d62bfc elementor-widget elementor-widget-zoya_core_dropcaps\" data-id=\"4d62bfc\" data-element_type=\"widget\" data-e-type=\"widget\" data-widget_type=\"zoya_core_dropcaps.default\">\n\t\t\t\t<div class=\"elementor-widget-container\">\n\t\t\t\t\t<div class=\"qodef-shortcode qodef-m qodef-dropcaps qodef-type--simple\">\r\n\t<span class=\"qodef-m-letter\" >T<\/span>\r\n\t\t\t<p class=\"qodef-m-text\" >ako\u0111er, druga zanimljivost su tri razli\u010dita vise\u0107a mosta, od kojih je jedan manja i kra\u0107a kopija slavnog mosta \u201cLadder to Heaven\u201d ili \u201cSky Ladder\u201d s ferate Donnerkogel u Austriji; drugi most je klasi\u010dan, kakav se koristi na ve\u0107ini ferrata i poznat je ve\u0107ini penja\u010dkih entuzijasta; tre\u0107i most pru\u017ea druga\u010dije iskustvo i zove se \u201cMonkey bridge\u201d, gdje penja\u010di hodaju po jednoj sajli, poput hoda\u010da po u\u017eetu u cirkusu, dok se rukama dr\u017ee za gornju sajlu.\n\nU\u017eivali smo tijekom izgradnje i ponosni smo na kona\u010dan rezultat. Ferrata je opremljena informativnim plo\u010dama na samom po\u010detku, gdje su navedeni svi potrebni podaci o istoj, kao i informacije o obaveznoj opremi. Ostale informativne plo\u010de s informacijama, kao i ohrabruju\u0107im \u010destitkama i zahvalom za uspje\u0161an uspon, postavljene su na svim mostovima i na samom kraju ferrate. Prije kraja penja\u010dkog dijela ferrate, na raspolaganju je \u017euta kutija s bilje\u017enicom za dijeljenje dojmova i pam\u0107enje.\n\n\u017delimo puno penja\u010dkih u\u017eitaka i predivnih fotografija uz na\u0161u novu ferratu Hum Mostar!<\/p>\r\n\t<\/div>\r\n\t\t\t\t<\/div>\n\t\t\t\t<\/div>\n\t\t\t\t\t<\/div>\n\t\t<\/div>\n\t\t\t\t\t<\/div>\n\t\t<\/section>\n\t\t\t\t<\/div>\n\t\t","protected":false},"excerpt":{"rendered":"<p>Tekst i fotografije: Julijana Mencin M ostar je bogatiji za jo\u0161 jednu via ferratu, namijenjenu svim ljubiteljima ove vrste avanture. Tako\u0111er je namijenjena i iskusnijim penja\u010dima, kao i onima s manje iskustva. Du\u017eina: 600 m, visinska razlika: 330 m, te\u017eina: B\/C, fizi\u010dka zahtjevnost: 4\/5, izlo\u017eenost: 4\/5 \u201cOvom via ferratom kora\u010daj polako, strpljivo, ponosno i punog [&hellip;]<\/p>\n","protected":false},"author":2,"featured_media":6345,"comment_status":"closed","ping_status":"closed","sticky":false,"template":"","format":"standard","meta":{"footnotes":""},"categories":[60,58],"tags":[],"class_list":["post-5745","post","type-post","status-publish","format-standard","has-post-thumbnail","hentry","category-hidden-gems","category-putovanja-i-destinacije"],"aioseo_notices":[],"_links":{"self":[{"href":"https:\/\/nicelifemagazine.eu\/hr\/wp-json\/wp\/v2\/posts\/5745","targetHints":{"allow":["GET"]}}],"collection":[{"href":"https:\/\/nicelifemagazine.eu\/hr\/wp-json\/wp\/v2\/posts"}],"about":[{"href":"https:\/\/nicelifemagazine.eu\/hr\/wp-json\/wp\/v2\/types\/post"}],"author":[{"embeddable":true,"href":"https:\/\/nicelifemagazine.eu\/hr\/wp-json\/wp\/v2\/users\/2"}],"replies":[{"embeddable":true,"href":"https:\/\/nicelifemagazine.eu\/hr\/wp-json\/wp\/v2\/comments?post=5745"}],"version-history":[{"count":6,"href":"https:\/\/nicelifemagazine.eu\/hr\/wp-json\/wp\/v2\/posts\/5745\/revisions"}],"predecessor-version":[{"id":5825,"href":"https:\/\/nicelifemagazine.eu\/hr\/wp-json\/wp\/v2\/posts\/5745\/revisions\/5825"}],"wp:featuredmedia":[{"embeddable":true,"href":"https:\/\/nicelifemagazine.eu\/hr\/wp-json\/wp\/v2\/media\/6345"}],"wp:attachment":[{"href":"https:\/\/nicelifemagazine.eu\/hr\/wp-json\/wp\/v2\/media?parent=5745"}],"wp:term":[{"taxonomy":"category","embeddable":true,"href":"https:\/\/nicelifemagazine.eu\/hr\/wp-json\/wp\/v2\/categories?post=5745"},{"taxonomy":"post_tag","embeddable":true,"href":"https:\/\/nicelifemagazine.eu\/hr\/wp-json\/wp\/v2\/tags?post=5745"}],"curies":[{"name":"wp","href":"https:\/\/api.w.org\/{rel}","templated":true}]}}